{"id":5100,"date":"2024-05-21T17:19:09","date_gmt":"2024-05-21T15:19:09","guid":{"rendered":"https:\/\/www.corteco.com\/?p=5100"},"modified":"2025-10-29T09:19:09","modified_gmt":"2025-10-29T08:19:09","slug":"corteco-verstarkt-seine-ambitionen-in-sudosteuropa","status":"publish","type":"post","link":"https:\/\/www.corteco.com\/de\/corteco-baut-groesseres-lager-in-weinheim\/","title":{"rendered":"Corteco baut gr\u00f6\u00dferes Lager in Weinheim"},"content":{"rendered":"<section class=\"block-slider\">\n    <style>.block-slider{padding-top:6rem;position:relative;margin:0 0 2rem}@media (min-width: 1024px){.block-slider{margin:0 0 2rem}}@media (min-width: 1200px){.block-slider{padding-top:11rem}}@media (min-width: 1380px){.block-slider{margin:0}}.block-slider::before,.block-slider::after{content:'';position:absolute;right:0;bottom:2px;left:0;width:100%;height:100%;pointer-events:none}.block-slider::before{background:#fff;background:linear-gradient(180deg, #fff 0%, #cecece 50%, #000 100%);mix-blend-mode:multiply;opacity:0.5;z-index:1}.block-slider::after{bottom:-1px;background-size:contain;background-repeat:no-repeat;background-position:bottom center;background-image:url(\"https:\/\/www.corteco.com\/wp-content\/themes\/ATLAS\/images\/svg\/corteco_welle_white.svg\");z-index:2}@media (min-width: 1200px){.block-slider__wrapper--half-width .slick-dots{text-align:left}}@media (min-width: 1380px){.block-slider .slick-dots{bottom:15px}}@media (min-width: 1380px){.block-slider .slick-dots button{background-color:#fff}}.single-slide{position:relative}.single-slide:not(:first-child){display:none}.slick-initialized .single-slide{display:block}.single-slide::before{display:block;content:\"\";width:100%;height:50%;min-height:50vh}@media (min-width: 1024px){.single-slide::before{height:75%;min-height:75vh}}.small .single-slide::before{height:35%;min-height:35vh}@media (min-width: 1024px){.small .single-slide::before{height:40%;min-height:40vh}}.single-slide__wrapper{position:absolute;top:0;right:0;bottom:0;left:0}.single-slide__bg{position:absolute;top:0;right:0;bottom:0;left:0}.single-slide__bg--desktop{display:none}@media (min-width: 1024px){.single-slide__bg--desktop{display:block;height:100%}}.single-slide__bg--mobile{display:block;height:100%}@media (min-width: 1024px){.single-slide__bg--mobile{display:none}}.single-slide__bg img{width:100%;height:100%;object-fit:cover}.single-slide__bg.video{min-height:100%}.single-slide__bg-vid{min-height:100%;position:relative}.single-slide__bg-video{display:inline-block;position:absolute;top:0;left:0;right:0;bottom:0;margin:0;padding:0;width:100%;height:100%;max-width:none;max-height:none;-o-object-fit:cover;object-fit:cover;outline:none;border:none;box-shadow:none;z-index:0}.single-slide__bg-vid .mejs-controls{display:none}.single-slide__content{color:#fff}.single-slide--content-bg .single-slide__content{background:#fff}.single-slide__content .h1{margin:0 0 .6rem;font-weight:700;color:#E30613;letter-spacing:0;font-size:4.6rem;line-height:1.13043478}@media (min-width: 1380px){.single-slide__content .h1{font-size:8rem;line-height:1.175}}.single-slide__content-wrapper{position:absolute;top:0;right:0;bottom:0;left:0;display:flex;align-items:flex-start}@media (min-width: 1024px){.single-slide__content-wrapper{align-items:center}}.single-slide__content-container{height:100%}@media (min-width: 1380px){.single-slide__content-container{padding-bottom:10rem}}.single-slide__content-row{position:relative;display:flex;align-items:flex-start;justify-content:space-between;flex-flow:column nowrap;height:100%;width:100%;max-width:100%}@media (min-width: 1024px){.single-slide__content-row{max-width:50%;justify-content:center}}@media (min-width: 1380px){.single-slide__content-row{padding:2rem 0}}.single-slide__slogan{display:none;position:absolute;left:0;bottom:0rem;color:#ff0;font-weight:700}@media (min-width: 1024px){.single-slide__slogan{display:block}}.single-slide__buttons{display:flex;flex-wrap:wrap;align-items:center;justify-content:flex-start;margin:2rem 0 0}.single-slide__buttons .wp-block-button{margin:0 2rem 1rem 0}.single-slide--half-width{background-color:#BDBDBD}.single-slide--half-width .single-slide__bg{width:100%;right:0;left:auto}@media (min-width: 1380px){.single-slide--half-width .single-slide__bg{width:50%}}.single-slide--image-left .single-slide__bg{right:auto;left:0}\n<\/style>    <style>.slick-arrow{width:3rem;height:3rem;position:absolute;z-index:1;top:50%;margin-top:-15px;font-size:0;line-height:0;border:none;background-color:transparent;cursor:pointer;transition:background-color .2s}@media (min-width: 992px){.slick-arrow{width:5rem;height:5rem}}@media (min-width: 1200px){.slick-arrow{top:50%}}.slick-arrow:hover{background-color:#414141}html.touch-device .slick-arrow:hover{background-color:#414141}.slick-arrow:after{content:'';display:block;width:10px;height:20px;position:absolute;top:50%;left:51%;transform:translate(-50%, -50%);background-image:url(\"https:\/\/www.corteco.com\/wp-content\/themes\/ATLAS\/images\/svg\/slider_arrow-right_white.svg\");background-repeat:no-repeat;background-size:10px 20px}@media (min-width: 992px){.slick-arrow:after{width:14px;height:30px;background-position:contain;background-size:14px 30px}}.slick-arrow.slick-prev{right:auto;left:10px;transform:rotate(180deg)}@media (min-width: 992px){.slick-arrow.slick-prev{left:20px}}@media (min-width: 1380px){.slick-arrow.slick-prev{left:30px}}.slick-arrow.slick-next{right:10px;left:auto}@media (min-width: 992px){.slick-arrow.slick-next{right:20px}}@media (min-width: 1380px){.slick-arrow.slick-next{right:30px}}.slick-slide:focus{outline:none}.slick-dots{width:100%;max-width:1105px;padding:0 4rem;position:absolute;bottom:21px;left:50%;transform:translate(-50%, 0);margin:0 auto;text-align:center;list-style:none}@media (min-width: 992px){.slick-dots{bottom:27px}}.slick-dots li{display:inline-block;margin:0 7px}.slick-dots li.slick-active button{background-color:#E30613}.slick-dots button{width:15px;height:15px;font-size:0;line-height:0;border:0;border-radius:50%;background:transparent;background:#414141;box-shadow:none;transition:background-color .2s linear}.slick-autoplay-toggle-button{display:none}\n<\/style>    <style>\/* Slider *\/\n.slick-slider {\n  position: relative;\n  display: block;\n  box-sizing: border-box;\n  -webkit-touch-callout: none;\n  -webkit-user-select: none;\n  -khtml-user-select: none;\n  -moz-user-select: none;\n  -ms-user-select: none;\n  user-select: none;\n  -ms-touch-action: pan-y;\n  touch-action: pan-y;\n  -webkit-tap-highlight-color: transparent;\n}\n\n.slick-list {\n  position: relative;\n  overflow: hidden;\n  display: block;\n  margin: 0;\n  padding: 0;\n}\n\n.slick-list:focus {\n  outline: none;\n}\n\n.slick-list.dragging {\n  cursor: pointer;\n  cursor: hand;\n}\n\n.slick-slider .slick-track,\n.slick-slider .slick-list {\n  -webkit-transform: translate3d(0, 0, 0);\n  -moz-transform: translate3d(0, 0, 0);\n  -ms-transform: translate3d(0, 0, 0);\n  -o-transform: translate3d(0, 0, 0);\n  transform: translate3d(0, 0, 0);\n}\n\n.slick-track {\n  position: relative;\n  left: 0;\n  top: 0;\n  display: block;\n  margin-left: auto;\n  margin-right: auto;\n}\n\n.slick-track:before, .slick-track:after {\n  content: \"\";\n  display: table;\n}\n\n.slick-track:after {\n  clear: both;\n}\n\n.slick-loading .slick-track {\n  visibility: hidden;\n}\n\n.slick-slide {\n  float: left;\n  height: 100%;\n  min-height: 1px;\n  display: none;\n}\n\n[dir=\"rtl\"] .slick-slide {\n  float: right;\n}\n\n.slick-slide img {\n  display: block;\n}\n\n.slick-slide.slick-loading img {\n  display: none;\n}\n\n.slick-slide.dragging img {\n  pointer-events: none;\n}\n\n.slick-initialized .slick-slide {\n  display: block;\n}\n\n.slick-loading .slick-slide {\n  visibility: hidden;\n}\n\n.slick-vertical .slick-slide {\n  display: block;\n  height: auto;\n  border: 1px solid transparent;\n}\n\n.slick-arrow.slick-hidden {\n  display: none;\n}\n<\/style>    <div class=\"block-slider__container\">\n        <div class=\"block-slider__wrapper block-slider__wrapper--full-width small\" data-slider=\"block_194cfd1f93b6e04d8e1595ae557f026c\">\n                            <div class=\"single-slide single-slide--full-width\">\n                        <div class=\"single-slide__wrapper\">\n                \n                                        <div class=\"single-slide__bg\">\n                                                    <img decoding=\"async\" width=\"1920\" height=\"525\" src=\"https:\/\/www.corteco.com\/wp-content\/uploads\/2024\/03\/press-header.jpg\" class=\"attachment-full size-full\" alt=\"\" data-object-fit=\"\" srcset=\"https:\/\/www.corteco.com\/wp-content\/uploads\/2024\/03\/press-header.jpg 1920w, https:\/\/www.corteco.com\/wp-content\/uploads\/2024\/03\/press-header-300x82.jpg 300w, https:\/\/www.corteco.com\/wp-content\/uploads\/2024\/03\/press-header-1024x280.jpg 1024w, https:\/\/www.corteco.com\/wp-content\/uploads\/2024\/03\/press-header-768x210.jpg 768w, https:\/\/www.corteco.com\/wp-content\/uploads\/2024\/03\/press-header-1536x420.jpg 1536w\" sizes=\"(max-width: 1920px) 100vw, 1920px\" \/>                                            <\/div>\n                                        \n                    <!-- Readd content wrapper if needed -->\n                <\/div>\n                    <\/div>\n        \n                <\/div>\n    <\/div>\n<\/section>\n\n\n\n<section class=\"wp-block-custom-container alignwide block-content  block-content--spacing-bottom\" style=\"background:linear-gradient(180deg, rgba(255,255,255,1) 0%, rgba(232,232,232,1) 60%, rgba(227,227,227,1) 100%)\"><style>.block-content{position:relative}.block-content--spacing-top{padding-top:5rem}@media (min-width: 992px){.block-content--spacing-top{padding-top:9rem}}.block-content--spacing-bottom{padding-bottom:5rem}@media (min-width: 992px){.block-content--spacing-bottom{padding-bottom:9rem}}.block-content--margin-top{margin-top:5rem}@media (min-width: 992px){.block-content--margin-top{margin-top:9rem}}.block-content--margin-bottom{margin-bottom:5rem}@media (min-width: 992px){.block-content--margin-bottom{margin-bottom:9rem}}.block-content .container{position:relative;z-index:1}.block-content .container--full{padding:0}.block-content .container-overlay{position:absolute;z-index:0;top:0;right:0;bottom:0;left:0}\n<\/style><div class=\"container container--wide\"><div class=\"container__body\">\n<div class=\"wp-block-custom-spacing spacing-element spacing-mobile--small spacing-tablet--small spacing-small-desktop--medium spacing-desktop--medium\"><\/div>\n\n\n\n<h1 class=\"wp-block-heading\">Corteco baut gr\u00f6\u00dferes Lager in Weinheim<\/h1>\n\n\n\n<p><strong>Zulieferer f\u00fcr freien Automobil-Ersatzteilmarkt investiert in Neubau und moderne Lagerinfrastruktur<\/strong>.<\/p>\n\n\n\n<p>Weinheim\/Hirschberg. Corteco ist einer der international f\u00fchrenden Zulieferer f\u00fcr den freien Automobil-Ersatzteilmarkt. Als Tochtergesellschaft der weltweit agierenden Freudenberg Gruppe liefert das Unternehmen Ersatzteile in Erstausstatter-Qualit\u00e4t. Corteco ist in den vergangenen Jahren kontinuierlich gewachsen &#8211; und der Erfolgskurs soll sich auch in Zukunft fortsetzen. Allerdings hat mittlerweile das europ\u00e4ische Lager in Hirschberg (Bergstra\u00dfe) seine Kapazit\u00e4tsgrenze \u00fcberschritten. Zudem ist mit Blick auf die E-Transformation, die mittelfristig auch das Ersatzgesch\u00e4ft betreffen wird, mehr Platz n\u00f6tig. F\u00fcr 2024 ist daher der erste Spatenstich f\u00fcr ein neues Lager geplant, und zwar im nahegelegenen Industriepark Weinheim, der zugleich Sitz der Freudenberg-Gruppe ist.<\/p>\n\n\n\n<p>Wer kennt es nicht: Ein Pkw muss in die Werkstatt, es gilt, Teile auszutauschen. Und zwar m\u00f6glichst sofort, nicht erst in vier Wochen. Um das zu gew\u00e4hrleisten, ist eine hohe Teileverf\u00fcgbarkeit in den Werkst\u00e4tten und den vorgelagerten Zwischenh\u00e4ndlern oberstes Gebot. Genau hier kommt Corteco ins Spiel \u2013 als Lieferant f\u00fcr den freien Automobil-Ersatzteilmarkt. Die Tochtergesellschaft von Freudenberg Sealing Technologies (FST) bietet \u00fcber 26.000 Artikel in Erstausr\u00fcsterqualit\u00e4t, davon liegen etwa 16.000 im europ\u00e4ischen Zentrallager in Hirschberg \u2013 vor allem Dichtungs- und Schwingungstechnik sowie Innenraumfilter. Etwa 100.000 Teile werden t\u00e4glich von dort aus auf den Weg zu den Kunden gebracht.<\/p>\n\n\n\n<p>Das heutige Distributionszentrum in Hirschberg besteht seit 2013 und verf\u00fcgt \u00fcber eine Lagerfl\u00e4che von ungef\u00e4hr 9.000 Quadratmetern. Da Corteco in den letzten Jahren jedoch \u00fcberdurchschnittlich gewachsen ist, bot das dortige Lager bald nicht mehr die idealen Bedingungen.<\/p>\n\n\n\n<p>Da ein Ausbau des vorhandenen Lagers in Hirschberg nicht m\u00f6glich war, entwarfen die Verantwortlichen bei Corteco Pl\u00e4ne und Konzepte f\u00fcr einen Neubau. Die Entscheidung fiel schlie\u00dflich auf den Weinheimer Industriepark, da dieser viele infrastrukturelle Vorteile bietet. Der erste Spatenstich ist Anfang 2024, der Einzug f\u00fcr Mitte 2025 geplant.&nbsp;<\/p>\n\n\n\n<p>\u201eDas neue Geb\u00e4ude wird mit 13.800 Quadratmetern nicht nur gr\u00f6\u00dfer, wir verf\u00fcgen k\u00fcnftig auch \u00fcber eine automatisierte Lagerl\u00f6sung\u201c, verr\u00e4t Dr. Christian Dickopf, Senior Vice President Corteco. \u201eWir planen f\u00fcr die Zukunft zus\u00e4tzliches Wachstum. Auch wenn uns die Transformation zur E-Mobilit\u00e4t mit zeitlicher Verz\u00f6gerung betreffen wird, so m\u00fcssen wir auch die damit verbundenen zus\u00e4tzlichen Produkte schon heute mitdenken.\u201c&nbsp;<\/p>\n\n\n\n<p>Des Weiteren entsteht an dem neuen Standort ein zus\u00e4tzlicher Bereich, in dem Corteco k\u00fcnftig Teile selbst konfektionieren und verpacken kann. Das hei\u00dft, zuvor aus Platz- und Kapazit\u00e4tsgr\u00fcnden ausgelagertes Gesch\u00e4ft kommt wieder zur\u00fcck. Zur Einordnung: \u00dcber 95 Prozent der von Corteco vertriebenen Teile werden zu sogenannten Kits zusammengestellt.<\/p>\n\n\n\n<p>\u201eDie Kunden akzeptieren keine Teillieferungen von verschiedenen Standorten, sie wollen alles in einem Paket aus einer Hand. Gleichzeitig w\u00fcrde eine Verlagerung der Konfektionierung an m\u00f6glicherweise kosteng\u00fcnstigere Standorte die dadurch entstehenden Kostenvorteile durch zus\u00e4tzliche Frachtkosten neutralisieren. Und wir w\u00fcrden langsamer, h\u00e4tten l\u00e4ngere Vorlaufzeiten. Das ist gerade im Ersatzteilmarkt ein Wettbewerbsnachteil und somit keine Option\u201c, erl\u00e4utert Dr. Wolfgang Lohmann, Director Operations Europe.<\/p>\n\n\n\n<p>Ein Bereich des neuen Geb\u00e4udes wird ein Hochregallager sein, in einem anderen steht ein sogenanntes Autostore-System. Dieses platzsparende, teilautomatisierte System verringert die ben\u00f6tigte Fl\u00e4che um knapp ein Drittel. Robotergesteuert \u00fcbernimmt es schnell und platzoptimiert k\u00f6rperlich schwere und Routineaufgaben. So k\u00f6nnen sich die Mitarbeitenden auf T\u00e4tigkeiten konzentrieren, die Know-how erfordern. \u201e99 Prozent aller von uns vertriebenen, unterschiedlichen Artikel lassen sich im Autostore lagern. Dieser l\u00e4sst sich beliebig erweitern, sogar im laufenden Betrieb, also ohne die Lagert\u00e4tigkeiten daf\u00fcr vor\u00fcbergehend stillzulegen\u201c, erkl\u00e4rt Projektleiter Jan Mittelst\u00e4dt.<\/p>\n\n\n\n<p>Ein weiterer Bonus des Autostores: Energieeffiziente Roboter bedienen ihn. Zehn davon ben\u00f6tigen gerade mal so viel Energie wie ein Staubsauber. Sie \u201esehen\u201c auch im Dunkeln problemlos, ben\u00f6tigen keine breiten G\u00e4nge und finden die ben\u00f6tigten Artikel schnell. \u201eDie Ware kommt zum Menschen, nicht der Mensch zur Ware\u201c, so Mittelst\u00e4dt.&nbsp;<\/p>\n\n\n\n<p>Auch das Thema Nachhaltigkeit kommt nicht zu kurz. So wird eine Photovoltaikanlage das neue Lager zu einem erheblichen Teil autark mit Strom versorgen. Auch das Verpackungskonzept wird weiterentwickelt, der Weg hei\u00dft \u201enoch weniger Plastik\u201c.<\/p>\n\n\n\n<figure class=\"wp-block-image size-large\"><img decoding=\"async\" width=\"1024\" height=\"234\" src=\"https:\/\/www.corteco.com\/wp-content\/uploads\/2024\/05\/Kerner_1160x265-1024x234.jpg\" alt=\"\" class=\"wp-image-5109\" srcset=\"https:\/\/www.corteco.com\/wp-content\/uploads\/2024\/05\/Kerner_1160x265-1024x234.jpg 1024w, https:\/\/www.corteco.com\/wp-content\/uploads\/2024\/05\/Kerner_1160x265-300x69.jpg 300w, https:\/\/www.corteco.com\/wp-content\/uploads\/2024\/05\/Kerner_1160x265-768x175.jpg 768w, https:\/\/www.corteco.com\/wp-content\/uploads\/2024\/05\/Kerner_1160x265.jpg 1160w\" sizes=\"(max-width: 1024px) 100vw, 1024px\" \/><\/figure>\n<\/div><\/div><\/section>\n","protected":false},"excerpt":{"rendered":"<p>Corteco ist in den vergangenen Jahren kontinuierlich gewachsen &#8211; und der Erfolgskurs soll sich auch in Zukunft fortsetzen. Allerdings hat mittlerweile das europ\u00e4ische Lager in Hirschberg (Bergstra\u00dfe) seine Kapazit\u00e4tsgrenze \u00fcberschritten.<\/p>\n","protected":false},"author":13,"featured_media":5109,"comment_status":"closed","ping_status":"open","sticky":false,"template":"","format":"standard","meta":{"_acf_changed":false,"footnotes":""},"categories":[241],"tags":[],"class_list":["post-5100","post","type-post","status-publish","format-standard","has-post-thumbnail","hentry","category-organisation-2"],"acf":[],"_links":{"self":[{"href":"https:\/\/www.corteco.com\/de\/wp-json\/wp\/v2\/posts\/5100","targetHints":{"allow":["GET"]}}],"collection":[{"href":"https:\/\/www.corteco.com\/de\/wp-json\/wp\/v2\/posts"}],"about":[{"href":"https:\/\/www.corteco.com\/de\/wp-json\/wp\/v2\/types\/post"}],"author":[{"embeddable":true,"href":"https:\/\/www.corteco.com\/de\/wp-json\/wp\/v2\/users\/13"}],"replies":[{"embeddable":true,"href":"https:\/\/www.corteco.com\/de\/wp-json\/wp\/v2\/comments?post=5100"}],"version-history":[{"count":5,"href":"https:\/\/www.corteco.com\/de\/wp-json\/wp\/v2\/posts\/5100\/revisions"}],"predecessor-version":[{"id":5378,"href":"https:\/\/www.corteco.com\/de\/wp-json\/wp\/v2\/posts\/5100\/revisions\/5378"}],"wp:featuredmedia":[{"embeddable":true,"href":"https:\/\/www.corteco.com\/de\/wp-json\/wp\/v2\/media\/5109"}],"wp:attachment":[{"href":"https:\/\/www.corteco.com\/de\/wp-json\/wp\/v2\/media?parent=5100"}],"wp:term":[{"taxonomy":"category","embeddable":true,"href":"https:\/\/www.corteco.com\/de\/wp-json\/wp\/v2\/categories?post=5100"},{"taxonomy":"post_tag","embeddable":true,"href":"https:\/\/www.corteco.com\/de\/wp-json\/wp\/v2\/tags?post=5100"}],"curies":[{"name":"wp","href":"https:\/\/api.w.org\/{rel}","templated":true}]}}